{"id":1137,"date":"2022-03-14T11:02:15","date_gmt":"2022-03-14T10:02:15","guid":{"rendered":"http:\/\/neoclasicdanza.com\/?p=1137"},"modified":"2022-03-14T11:14:36","modified_gmt":"2022-03-14T10:14:36","slug":"actuacion-la-prenda-roja","status":"publish","type":"post","link":"https:\/\/neoclasicdanza.com\/index.php\/2022\/03\/14\/actuacion-la-prenda-roja\/","title":{"rendered":"Actuaci\u00f3n La Prenda Roja"},"content":{"rendered":"\n<p class=\"has-contrast-color has-text-color\">El pasado s\u00e1bado 5 de marzo Neoclasic ofreci\u00f3 un taller a cargo de Montserrat Selma en el Centre C\u00edvic Casa Groga para la actuaci\u00f3n La Prenda Roja.<\/p>\n\n\n\n<p class=\"has-contrast-color has-text-color\">El talle de dos horas consisti\u00f3 en una creaci\u00f3n coreogr\u00e1fica sobre el poema <strong><em><a href=\"https:\/\/www.youtube.com\/watch?v=JmO4loi4LoI\">\u00abLa guitarra\u00bb<\/a><\/em> <\/strong>de Lorca y, con el nombre de <em><a href=\"https:\/\/ajuntament.barcelona.cat\/ccivics\/casagroga\/p\/45305\/cuerda-y-llanto-\"><strong>\u201cCuerda y llanto\u201d<\/strong><\/a><\/em>, se llev\u00f3 a cabo esta pieza exclusiva para los 18 asistentes al taller.<\/p>\n\n\n\n<p class=\"has-contrast-color has-text-color\">Este taller ten\u00eda la finalidad de componer una pieza coreogr\u00e1fica para estrenarla el viernes d\u00eda 11 de marzo como teloneros del grupo musical <strong>La Prenda Roja<\/strong>, tomando como base la t\u00e9cnica de la danza espa\u00f1ola y el flamenco, dando vida a una pieza \u00fanica a trav\u00e9s de la poes\u00eda y el cuerpo. <\/p>\n\n\n\n<p class=\"has-contrast-color has-text-color\">Queremos felicitar a Montserrat Selma por el trabajo realizado: una coreograf\u00eda original, llena de fuerza y sentimiento, adaptada a los alumnos de distintos niveles en cuanto a t\u00e9cnica que se encontr\u00f3 en el taller. Felicitar tambi\u00e9n a los alumnos asistentes por su entrega e implicaci\u00f3n desde el primer momento de la propuesta. <\/p>\n\n\n\n<p class=\"has-contrast-color has-text-color\">Ha sido una bonita experiencia y el resultado\u2026<strong> <em>\u00a1ESPECTACULAR!<\/em><\/strong><\/p>\n\n\n\n<p class=\"has-contrast-color has-text-color\">Gracias a todos por participar, gracias a Centre C\u00edvic Casa Groga por confiar en Neoclasic Danza y gracias a Montserrat Selma por regalarnos una vez m\u00e1s su buen hacer.<\/p>\n\n\n\n<p class=\"has-text-align-center has-contrast-color has-text-color\"><strong>Dejamos algunas fotos del evento<\/strong><\/p>\n\n\n<div class=\"gb-container gb-container-98309254\"><div class=\"gb-inside-container\">\n\n<div class=\"wp-block-image\"><figure class=\"aligncenter size-large\"><img fetchpriority=\"high\" decoding=\"async\" width=\"1024\" height=\"714\" src=\"http:\/\/neoclasicdanza.com\/wp-content\/uploads\/2022\/03\/IMG_2813-1-1024x714.jpg\" alt=\"\" class=\"wp-image-1148\" srcset=\"https:\/\/neoclasicdanza.com\/wp-content\/uploads\/2022\/03\/IMG_2813-1-1024x714.jpg 1024w, https:\/\/neoclasicdanza.com\/wp-content\/uploads\/2022\/03\/IMG_2813-1-300x209.jpg 300w, https:\/\/neoclasicdanza.com\/wp-content\/uploads\/2022\/03\/IMG_2813-1-768x535.jpg 768w, https:\/\/neoclasicdanza.com\/wp-content\/uploads\/2022\/03\/IMG_2813-1-1536x1070.jpg 1536w, https:\/\/neoclasicdanza.com\/wp-content\/uploads\/2022\/03\/IMG_2813-1-2048x1427.jpg 2048w\" sizes=\"(max-width: 1024px) 100vw, 1024px\" \/><\/figure><\/div>\n\n\n<div class=\"gb-container gb-container-859d6805\"><div class=\"gb-inside-container\">\n\n<figure class=\"wp-block-gallery columns-3 is-cropped wp-block-gallery-1 is-layout-flex wp-block-gallery-is-layout-flex\"><ul class=\"blocks-gallery-grid\"><li class=\"blocks-gallery-item\"><figure><img decoding=\"async\" width=\"1024\" height=\"789\" src=\"http:\/\/neoclasicdanza.com\/wp-content\/uploads\/2022\/03\/IMG_2827-1-1024x789.jpg\" alt=\"\" data-id=\"1150\" data-link=\"http:\/\/neoclasicdanza.com\/?attachment_id=1150#main\" class=\"wp-image-1150\" srcset=\"https:\/\/neoclasicdanza.com\/wp-content\/uploads\/2022\/03\/IMG_2827-1-1024x789.jpg 1024w, https:\/\/neoclasicdanza.com\/wp-content\/uploads\/2022\/03\/IMG_2827-1-300x231.jpg 300w, https:\/\/neoclasicdanza.com\/wp-content\/uploads\/2022\/03\/IMG_2827-1-768x592.jpg 768w, https:\/\/neoclasicdanza.com\/wp-content\/uploads\/2022\/03\/IMG_2827-1-1536x1183.jpg 1536w, https:\/\/neoclasicdanza.com\/wp-content\/uploads\/2022\/03\/IMG_2827-1-2048x1578.jpg 2048w\" sizes=\"(max-width: 1024px) 100vw, 1024px\" \/><\/figure><\/li><li class=\"blocks-gallery-item\"><figure><img decoding=\"async\" width=\"1024\" height=\"576\" src=\"http:\/\/neoclasicdanza.com\/wp-content\/uploads\/2022\/03\/1f5eedb2-7637-41d9-94ce-bd590a3fa934-1-1024x576.jpg\" alt=\"\" data-id=\"1151\" data-link=\"http:\/\/neoclasicdanza.com\/?attachment_id=1151#main\" class=\"wp-image-1151\" srcset=\"https:\/\/neoclasicdanza.com\/wp-content\/uploads\/2022\/03\/1f5eedb2-7637-41d9-94ce-bd590a3fa934-1-1024x576.jpg 1024w, https:\/\/neoclasicdanza.com\/wp-content\/uploads\/2022\/03\/1f5eedb2-7637-41d9-94ce-bd590a3fa934-1-300x169.jpg 300w, https:\/\/neoclasicdanza.com\/wp-content\/uploads\/2022\/03\/1f5eedb2-7637-41d9-94ce-bd590a3fa934-1-768x432.jpg 768w, https:\/\/neoclasicdanza.com\/wp-content\/uploads\/2022\/03\/1f5eedb2-7637-41d9-94ce-bd590a3fa934-1-1536x864.jpg 1536w, https:\/\/neoclasicdanza.com\/wp-content\/uploads\/2022\/03\/1f5eedb2-7637-41d9-94ce-bd590a3fa934-1.jpg 1599w\" sizes=\"(max-width: 1024px) 100vw, 1024px\" \/><\/figure><\/li><li class=\"blocks-gallery-item\"><figure><img loading=\"lazy\" decoding=\"async\" width=\"1024\" height=\"560\" src=\"http:\/\/neoclasicdanza.com\/wp-content\/uploads\/2022\/03\/IMG_2389-1024x560.jpg\" alt=\"\" data-id=\"1158\" data-link=\"http:\/\/neoclasicdanza.com\/?attachment_id=1158#main\" class=\"wp-image-1158\" srcset=\"https:\/\/neoclasicdanza.com\/wp-content\/uploads\/2022\/03\/IMG_2389-1024x560.jpg 1024w, https:\/\/neoclasicdanza.com\/wp-content\/uploads\/2022\/03\/IMG_2389-300x164.jpg 300w, https:\/\/neoclasicdanza.com\/wp-content\/uploads\/2022\/03\/IMG_2389-768x420.jpg 768w, https:\/\/neoclasicdanza.com\/wp-content\/uploads\/2022\/03\/IMG_2389.jpg 1125w\" sizes=\"(max-width: 1024px) 100vw, 1024px\" \/><\/figure><\/li><li class=\"blocks-gallery-item\"><figure><img loading=\"lazy\" decoding=\"async\" width=\"704\" height=\"1024\" src=\"http:\/\/neoclasicdanza.com\/wp-content\/uploads\/2022\/03\/IMG_2387-704x1024.jpg\" alt=\"\" data-id=\"1155\" data-link=\"http:\/\/neoclasicdanza.com\/?attachment_id=1155#main\" class=\"wp-image-1155\" srcset=\"https:\/\/neoclasicdanza.com\/wp-content\/uploads\/2022\/03\/IMG_2387-704x1024.jpg 704w, https:\/\/neoclasicdanza.com\/wp-content\/uploads\/2022\/03\/IMG_2387-206x300.jpg 206w, https:\/\/neoclasicdanza.com\/wp-content\/uploads\/2022\/03\/IMG_2387-768x1118.jpg 768w, https:\/\/neoclasicdanza.com\/wp-content\/uploads\/2022\/03\/IMG_2387-1055x1536.jpg 1055w, https:\/\/neoclasicdanza.com\/wp-content\/uploads\/2022\/03\/IMG_2387.jpg 1118w\" sizes=\"(max-width: 704px) 100vw, 704px\" \/><\/figure><\/li><li class=\"blocks-gallery-item\"><figure><img loading=\"lazy\" decoding=\"async\" width=\"1002\" height=\"704\" src=\"http:\/\/neoclasicdanza.com\/wp-content\/uploads\/2022\/03\/Captura-de-pantalla-2022-03-14-a-las-10.51.32-1.png\" alt=\"\" data-id=\"1152\" data-link=\"http:\/\/neoclasicdanza.com\/?attachment_id=1152#main\" class=\"wp-image-1152\" srcset=\"https:\/\/neoclasicdanza.com\/wp-content\/uploads\/2022\/03\/Captura-de-pantalla-2022-03-14-a-las-10.51.32-1.png 1002w, https:\/\/neoclasicdanza.com\/wp-content\/uploads\/2022\/03\/Captura-de-pantalla-2022-03-14-a-las-10.51.32-1-300x211.png 300w, https:\/\/neoclasicdanza.com\/wp-content\/uploads\/2022\/03\/Captura-de-pantalla-2022-03-14-a-las-10.51.32-1-768x540.png 768w\" sizes=\"(max-width: 1002px) 100vw, 1002px\" \/><\/figure><\/li><li class=\"blocks-gallery-item\"><figure><img loading=\"lazy\" decoding=\"async\" width=\"692\" height=\"1024\" src=\"http:\/\/neoclasicdanza.com\/wp-content\/uploads\/2022\/03\/IMG_2388-692x1024.jpg\" alt=\"\" data-id=\"1160\" data-full-url=\"http:\/\/neoclasicdanza.com\/wp-content\/uploads\/2022\/03\/IMG_2388.jpg\" data-link=\"http:\/\/neoclasicdanza.com\/?attachment_id=1160#main\" class=\"wp-image-1160\" srcset=\"https:\/\/neoclasicdanza.com\/wp-content\/uploads\/2022\/03\/IMG_2388-692x1024.jpg 692w, https:\/\/neoclasicdanza.com\/wp-content\/uploads\/2022\/03\/IMG_2388-203x300.jpg 203w, https:\/\/neoclasicdanza.com\/wp-content\/uploads\/2022\/03\/IMG_2388-768x1136.jpg 768w, https:\/\/neoclasicdanza.com\/wp-content\/uploads\/2022\/03\/IMG_2388-1038x1536.jpg 1038w, https:\/\/neoclasicdanza.com\/wp-content\/uploads\/2022\/03\/IMG_2388.jpg 1125w\" sizes=\"(max-width: 692px) 100vw, 692px\" \/><\/figure><\/li><li class=\"blocks-gallery-item\"><figure><img loading=\"lazy\" decoding=\"async\" width=\"1024\" height=\"528\" src=\"http:\/\/neoclasicdanza.com\/wp-content\/uploads\/2022\/03\/e0e2e260-9fff-47db-890d-aa0edc9e0e50-1024x528.jpg\" alt=\"\" data-id=\"1153\" data-link=\"http:\/\/neoclasicdanza.com\/?attachment_id=1153#main\" class=\"wp-image-1153\" srcset=\"https:\/\/neoclasicdanza.com\/wp-content\/uploads\/2022\/03\/e0e2e260-9fff-47db-890d-aa0edc9e0e50-1024x528.jpg 1024w, https:\/\/neoclasicdanza.com\/wp-content\/uploads\/2022\/03\/e0e2e260-9fff-47db-890d-aa0edc9e0e50-300x155.jpg 300w, https:\/\/neoclasicdanza.com\/wp-content\/uploads\/2022\/03\/e0e2e260-9fff-47db-890d-aa0edc9e0e50-768x396.jpg 768w, https:\/\/neoclasicdanza.com\/wp-content\/uploads\/2022\/03\/e0e2e260-9fff-47db-890d-aa0edc9e0e50-1536x792.jpg 1536w, https:\/\/neoclasicdanza.com\/wp-content\/uploads\/2022\/03\/e0e2e260-9fff-47db-890d-aa0edc9e0e50.jpg 1719w\" sizes=\"(max-width: 1024px) 100vw, 1024px\" \/><\/figure><\/li><\/ul><\/figure>\n\n<\/div><\/div>\n<\/div><\/div>\n\n\n<p><\/p>\n","protected":false},"excerpt":{"rendered":"<p>El pasado s\u00e1bado 5 de marzo Neoclasic ofreci\u00f3 un taller a cargo de Montserrat Selma en el Centre C\u00edvic Casa Groga para la actuaci\u00f3n La Prenda Roja. El talle de dos horas consisti\u00f3 en una creaci\u00f3n coreogr\u00e1fica sobre el poema \u00abLa guitarra\u00bb de Lorca y, con el nombre de \u201cCuerda y llanto\u201d, se llev\u00f3 a &#8230; <\/p>\n<p class=\"read-more-container\"><a title=\"Actuaci\u00f3n La Prenda Roja\" class=\"read-more button\" href=\"https:\/\/neoclasicdanza.com\/index.php\/2022\/03\/14\/actuacion-la-prenda-roja\/#more-1137\">Leer m\u00e1s<span class=\"screen-reader-text\">Actuaci\u00f3n La Prenda Roja<\/span><\/a><\/p>\n","protected":false},"author":1,"featured_media":1167,"comment_status":"open","ping_status":"open","sticky":false,"template":"","format":"standard","meta":{"footnotes":""},"categories":[8],"tags":[],"class_list":["post-1137","post","type-post","status-publish","format-standard","has-post-thumbnail","hentry","category-8","generate-columns","tablet-grid-50","mobile-grid-100","grid-parent","grid-50"],"yoast_head":"<!-- This site is optimized with the Yoast SEO plugin v27.4 - https:\/\/yoast.com\/product\/yoast-seo-wordpress\/ -->\n<title>Actuaci\u00f3n La Prenda Roja - Taller Neoclasic Danza Barcelona<\/title>\n<meta name=\"description\" content=\"Neoclasic Danza ofreci\u00f3 un taller a cargo de Montserrat Selma en el Centre C\u00edvic Casa Groga para acompa\u00f1ar en la actuaci\u00f3n La Prenda Roja.\" \/>\n<meta name=\"robots\" content=\"index, follow, max-snippet:-1, max-image-preview:large, max-video-preview:-1\" \/>\n<link rel=\"canonical\" href=\"https:\/\/neoclasicdanza.com\/index.php\/2022\/03\/14\/actuacion-la-prenda-roja\/\" \/>\n<meta property=\"og:locale\" content=\"es_ES\" \/>\n<meta property=\"og:type\" content=\"article\" \/>\n<meta property=\"og:title\" content=\"Actuaci\u00f3n La Prenda Roja - Taller Neoclasic Danza Barcelona\" \/>\n<meta property=\"og:description\" content=\"Neoclasic Danza ofreci\u00f3 un taller a cargo de Montserrat Selma en el Centre C\u00edvic Casa Groga para acompa\u00f1ar en la actuaci\u00f3n La Prenda Roja.\" \/>\n<meta property=\"og:url\" content=\"https:\/\/neoclasicdanza.com\/index.php\/2022\/03\/14\/actuacion-la-prenda-roja\/\" \/>\n<meta property=\"og:site_name\" content=\"NEOCLASIC DANZA\" \/>\n<meta property=\"article:published_time\" content=\"2022-03-14T10:02:15+00:00\" \/>\n<meta property=\"article:modified_time\" content=\"2022-03-14T10:14:36+00:00\" \/>\n<meta property=\"og:image\" content=\"https:\/\/neoclasicdanza.com\/wp-content\/uploads\/2022\/03\/Captura-de-pantalla-2022-03-14-a-las-10.58.32-1.png\" \/>\n\t<meta property=\"og:image:width\" content=\"923\" \/>\n\t<meta property=\"og:image:height\" content=\"519\" \/>\n\t<meta property=\"og:image:type\" content=\"image\/png\" \/>\n<meta name=\"author\" content=\"Neoclasic Danza\" \/>\n<meta name=\"twitter:card\" content=\"summary_large_image\" \/>\n<meta name=\"twitter:label1\" content=\"Escrito por\" \/>\n\t<meta name=\"twitter:data1\" content=\"Neoclasic Danza\" \/>\n\t<meta name=\"twitter:label2\" content=\"Tiempo de lectura\" \/>\n\t<meta name=\"twitter:data2\" content=\"3 minutos\" \/>\n<script type=\"application\/ld+json\" class=\"yoast-schema-graph\">{\"@context\":\"https:\\\/\\\/schema.org\",\"@graph\":[{\"@type\":\"Article\",\"@id\":\"https:\\\/\\\/neoclasicdanza.com\\\/index.php\\\/2022\\\/03\\\/14\\\/actuacion-la-prenda-roja\\\/#article\",\"isPartOf\":{\"@id\":\"https:\\\/\\\/neoclasicdanza.com\\\/index.php\\\/2022\\\/03\\\/14\\\/actuacion-la-prenda-roja\\\/\"},\"author\":{\"name\":\"Neoclasic Danza\",\"@id\":\"http:\\\/\\\/neoclasicdanza.com\\\/#\\\/schema\\\/person\\\/8282b2e47df2a90f288e2e708a3e491f\"},\"headline\":\"Actuaci\u00f3n La Prenda Roja\",\"datePublished\":\"2022-03-14T10:02:15+00:00\",\"dateModified\":\"2022-03-14T10:14:36+00:00\",\"mainEntityOfPage\":{\"@id\":\"https:\\\/\\\/neoclasicdanza.com\\\/index.php\\\/2022\\\/03\\\/14\\\/actuacion-la-prenda-roja\\\/\"},\"wordCount\":232,\"commentCount\":0,\"publisher\":{\"@id\":\"http:\\\/\\\/neoclasicdanza.com\\\/#organization\"},\"image\":{\"@id\":\"https:\\\/\\\/neoclasicdanza.com\\\/index.php\\\/2022\\\/03\\\/14\\\/actuacion-la-prenda-roja\\\/#primaryimage\"},\"thumbnailUrl\":\"https:\\\/\\\/neoclasicdanza.com\\\/wp-content\\\/uploads\\\/2022\\\/03\\\/Captura-de-pantalla-2022-03-14-a-las-10.58.32-1.png\",\"articleSection\":[\"2022\"],\"inLanguage\":\"es\",\"potentialAction\":[{\"@type\":\"CommentAction\",\"name\":\"Comment\",\"target\":[\"https:\\\/\\\/neoclasicdanza.com\\\/index.php\\\/2022\\\/03\\\/14\\\/actuacion-la-prenda-roja\\\/#respond\"]}]},{\"@type\":\"WebPage\",\"@id\":\"https:\\\/\\\/neoclasicdanza.com\\\/index.php\\\/2022\\\/03\\\/14\\\/actuacion-la-prenda-roja\\\/\",\"url\":\"https:\\\/\\\/neoclasicdanza.com\\\/index.php\\\/2022\\\/03\\\/14\\\/actuacion-la-prenda-roja\\\/\",\"name\":\"Actuaci\u00f3n La Prenda Roja - Taller Neoclasic Danza Barcelona\",\"isPartOf\":{\"@id\":\"http:\\\/\\\/neoclasicdanza.com\\\/#website\"},\"primaryImageOfPage\":{\"@id\":\"https:\\\/\\\/neoclasicdanza.com\\\/index.php\\\/2022\\\/03\\\/14\\\/actuacion-la-prenda-roja\\\/#primaryimage\"},\"image\":{\"@id\":\"https:\\\/\\\/neoclasicdanza.com\\\/index.php\\\/2022\\\/03\\\/14\\\/actuacion-la-prenda-roja\\\/#primaryimage\"},\"thumbnailUrl\":\"https:\\\/\\\/neoclasicdanza.com\\\/wp-content\\\/uploads\\\/2022\\\/03\\\/Captura-de-pantalla-2022-03-14-a-las-10.58.32-1.png\",\"datePublished\":\"2022-03-14T10:02:15+00:00\",\"dateModified\":\"2022-03-14T10:14:36+00:00\",\"description\":\"Neoclasic Danza ofreci\u00f3 un taller a cargo de Montserrat Selma en el Centre C\u00edvic Casa Groga para acompa\u00f1ar en la actuaci\u00f3n La Prenda Roja.\",\"breadcrumb\":{\"@id\":\"https:\\\/\\\/neoclasicdanza.com\\\/index.php\\\/2022\\\/03\\\/14\\\/actuacion-la-prenda-roja\\\/#breadcrumb\"},\"inLanguage\":\"es\",\"potentialAction\":[{\"@type\":\"ReadAction\",\"target\":[\"https:\\\/\\\/neoclasicdanza.com\\\/index.php\\\/2022\\\/03\\\/14\\\/actuacion-la-prenda-roja\\\/\"]}]},{\"@type\":\"ImageObject\",\"inLanguage\":\"es\",\"@id\":\"https:\\\/\\\/neoclasicdanza.com\\\/index.php\\\/2022\\\/03\\\/14\\\/actuacion-la-prenda-roja\\\/#primaryimage\",\"url\":\"https:\\\/\\\/neoclasicdanza.com\\\/wp-content\\\/uploads\\\/2022\\\/03\\\/Captura-de-pantalla-2022-03-14-a-las-10.58.32-1.png\",\"contentUrl\":\"https:\\\/\\\/neoclasicdanza.com\\\/wp-content\\\/uploads\\\/2022\\\/03\\\/Captura-de-pantalla-2022-03-14-a-las-10.58.32-1.png\",\"width\":923,\"height\":519},{\"@type\":\"BreadcrumbList\",\"@id\":\"https:\\\/\\\/neoclasicdanza.com\\\/index.php\\\/2022\\\/03\\\/14\\\/actuacion-la-prenda-roja\\\/#breadcrumb\",\"itemListElement\":[{\"@type\":\"ListItem\",\"position\":1,\"name\":\"Portada\",\"item\":\"https:\\\/\\\/neoclasicdanza.com\\\/\"},{\"@type\":\"ListItem\",\"position\":2,\"name\":\"Actuaci\u00f3n La Prenda Roja\"}]},{\"@type\":\"WebSite\",\"@id\":\"http:\\\/\\\/neoclasicdanza.com\\\/#website\",\"url\":\"http:\\\/\\\/neoclasicdanza.com\\\/\",\"name\":\"NEOCLASIC DANZA\",\"description\":\"Desde 1992\",\"publisher\":{\"@id\":\"http:\\\/\\\/neoclasicdanza.com\\\/#organization\"},\"potentialAction\":[{\"@type\":\"SearchAction\",\"target\":{\"@type\":\"EntryPoint\",\"urlTemplate\":\"http:\\\/\\\/neoclasicdanza.com\\\/?s={search_term_string}\"},\"query-input\":{\"@type\":\"PropertyValueSpecification\",\"valueRequired\":true,\"valueName\":\"search_term_string\"}}],\"inLanguage\":\"es\"},{\"@type\":\"Organization\",\"@id\":\"http:\\\/\\\/neoclasicdanza.com\\\/#organization\",\"name\":\"NEOCLASIC DANZA\",\"url\":\"http:\\\/\\\/neoclasicdanza.com\\\/\",\"logo\":{\"@type\":\"ImageObject\",\"inLanguage\":\"es\",\"@id\":\"http:\\\/\\\/neoclasicdanza.com\\\/#\\\/schema\\\/logo\\\/image\\\/\",\"url\":\"https:\\\/\\\/neoclasicdanza.com\\\/wp-content\\\/uploads\\\/2021\\\/07\\\/cropped-neoclasic_2021_1-scaled-1.jpg\",\"contentUrl\":\"https:\\\/\\\/neoclasicdanza.com\\\/wp-content\\\/uploads\\\/2021\\\/07\\\/cropped-neoclasic_2021_1-scaled-1.jpg\",\"width\":1803,\"height\":2041,\"caption\":\"NEOCLASIC DANZA\"},\"image\":{\"@id\":\"http:\\\/\\\/neoclasicdanza.com\\\/#\\\/schema\\\/logo\\\/image\\\/\"}},{\"@type\":\"Person\",\"@id\":\"http:\\\/\\\/neoclasicdanza.com\\\/#\\\/schema\\\/person\\\/8282b2e47df2a90f288e2e708a3e491f\",\"name\":\"Neoclasic Danza\",\"image\":{\"@type\":\"ImageObject\",\"inLanguage\":\"es\",\"@id\":\"https:\\\/\\\/secure.gravatar.com\\\/avatar\\\/92b128cad7bffd7abb3ed0b0ecb46be944c2c5acd770a20124df0fc39616f70f?s=96&d=mm&r=g\",\"url\":\"https:\\\/\\\/secure.gravatar.com\\\/avatar\\\/92b128cad7bffd7abb3ed0b0ecb46be944c2c5acd770a20124df0fc39616f70f?s=96&d=mm&r=g\",\"contentUrl\":\"https:\\\/\\\/secure.gravatar.com\\\/avatar\\\/92b128cad7bffd7abb3ed0b0ecb46be944c2c5acd770a20124df0fc39616f70f?s=96&d=mm&r=g\",\"caption\":\"Neoclasic Danza\"},\"sameAs\":[\"http:\\\/\\\/neoclasicdanza.com\"],\"url\":\"https:\\\/\\\/neoclasicdanza.com\\\/index.php\\\/author\\\/admin\\\/\"}]}<\/script>\n<!-- \/ Yoast SEO plugin. -->","yoast_head_json":{"title":"Actuaci\u00f3n La Prenda Roja - Taller Neoclasic Danza Barcelona","description":"Neoclasic Danza ofreci\u00f3 un taller a cargo de Montserrat Selma en el Centre C\u00edvic Casa Groga para acompa\u00f1ar en la actuaci\u00f3n La Prenda Roja.","robots":{"index":"index","follow":"follow","max-snippet":"max-snippet:-1","max-image-preview":"max-image-preview:large","max-video-preview":"max-video-preview:-1"},"canonical":"https:\/\/neoclasicdanza.com\/index.php\/2022\/03\/14\/actuacion-la-prenda-roja\/","og_locale":"es_ES","og_type":"article","og_title":"Actuaci\u00f3n La Prenda Roja - Taller Neoclasic Danza Barcelona","og_description":"Neoclasic Danza ofreci\u00f3 un taller a cargo de Montserrat Selma en el Centre C\u00edvic Casa Groga para acompa\u00f1ar en la actuaci\u00f3n La Prenda Roja.","og_url":"https:\/\/neoclasicdanza.com\/index.php\/2022\/03\/14\/actuacion-la-prenda-roja\/","og_site_name":"NEOCLASIC DANZA","article_published_time":"2022-03-14T10:02:15+00:00","article_modified_time":"2022-03-14T10:14:36+00:00","og_image":[{"width":923,"height":519,"url":"https:\/\/neoclasicdanza.com\/wp-content\/uploads\/2022\/03\/Captura-de-pantalla-2022-03-14-a-las-10.58.32-1.png","type":"image\/png"}],"author":"Neoclasic Danza","twitter_card":"summary_large_image","twitter_misc":{"Escrito por":"Neoclasic Danza","Tiempo de lectura":"3 minutos"},"schema":{"@context":"https:\/\/schema.org","@graph":[{"@type":"Article","@id":"https:\/\/neoclasicdanza.com\/index.php\/2022\/03\/14\/actuacion-la-prenda-roja\/#article","isPartOf":{"@id":"https:\/\/neoclasicdanza.com\/index.php\/2022\/03\/14\/actuacion-la-prenda-roja\/"},"author":{"name":"Neoclasic Danza","@id":"http:\/\/neoclasicdanza.com\/#\/schema\/person\/8282b2e47df2a90f288e2e708a3e491f"},"headline":"Actuaci\u00f3n La Prenda Roja","datePublished":"2022-03-14T10:02:15+00:00","dateModified":"2022-03-14T10:14:36+00:00","mainEntityOfPage":{"@id":"https:\/\/neoclasicdanza.com\/index.php\/2022\/03\/14\/actuacion-la-prenda-roja\/"},"wordCount":232,"commentCount":0,"publisher":{"@id":"http:\/\/neoclasicdanza.com\/#organization"},"image":{"@id":"https:\/\/neoclasicdanza.com\/index.php\/2022\/03\/14\/actuacion-la-prenda-roja\/#primaryimage"},"thumbnailUrl":"https:\/\/neoclasicdanza.com\/wp-content\/uploads\/2022\/03\/Captura-de-pantalla-2022-03-14-a-las-10.58.32-1.png","articleSection":["2022"],"inLanguage":"es","potentialAction":[{"@type":"CommentAction","name":"Comment","target":["https:\/\/neoclasicdanza.com\/index.php\/2022\/03\/14\/actuacion-la-prenda-roja\/#respond"]}]},{"@type":"WebPage","@id":"https:\/\/neoclasicdanza.com\/index.php\/2022\/03\/14\/actuacion-la-prenda-roja\/","url":"https:\/\/neoclasicdanza.com\/index.php\/2022\/03\/14\/actuacion-la-prenda-roja\/","name":"Actuaci\u00f3n La Prenda Roja - Taller Neoclasic Danza Barcelona","isPartOf":{"@id":"http:\/\/neoclasicdanza.com\/#website"},"primaryImageOfPage":{"@id":"https:\/\/neoclasicdanza.com\/index.php\/2022\/03\/14\/actuacion-la-prenda-roja\/#primaryimage"},"image":{"@id":"https:\/\/neoclasicdanza.com\/index.php\/2022\/03\/14\/actuacion-la-prenda-roja\/#primaryimage"},"thumbnailUrl":"https:\/\/neoclasicdanza.com\/wp-content\/uploads\/2022\/03\/Captura-de-pantalla-2022-03-14-a-las-10.58.32-1.png","datePublished":"2022-03-14T10:02:15+00:00","dateModified":"2022-03-14T10:14:36+00:00","description":"Neoclasic Danza ofreci\u00f3 un taller a cargo de Montserrat Selma en el Centre C\u00edvic Casa Groga para acompa\u00f1ar en la actuaci\u00f3n La Prenda Roja.","breadcrumb":{"@id":"https:\/\/neoclasicdanza.com\/index.php\/2022\/03\/14\/actuacion-la-prenda-roja\/#breadcrumb"},"inLanguage":"es","potentialAction":[{"@type":"ReadAction","target":["https:\/\/neoclasicdanza.com\/index.php\/2022\/03\/14\/actuacion-la-prenda-roja\/"]}]},{"@type":"ImageObject","inLanguage":"es","@id":"https:\/\/neoclasicdanza.com\/index.php\/2022\/03\/14\/actuacion-la-prenda-roja\/#primaryimage","url":"https:\/\/neoclasicdanza.com\/wp-content\/uploads\/2022\/03\/Captura-de-pantalla-2022-03-14-a-las-10.58.32-1.png","contentUrl":"https:\/\/neoclasicdanza.com\/wp-content\/uploads\/2022\/03\/Captura-de-pantalla-2022-03-14-a-las-10.58.32-1.png","width":923,"height":519},{"@type":"BreadcrumbList","@id":"https:\/\/neoclasicdanza.com\/index.php\/2022\/03\/14\/actuacion-la-prenda-roja\/#breadcrumb","itemListElement":[{"@type":"ListItem","position":1,"name":"Portada","item":"https:\/\/neoclasicdanza.com\/"},{"@type":"ListItem","position":2,"name":"Actuaci\u00f3n La Prenda Roja"}]},{"@type":"WebSite","@id":"http:\/\/neoclasicdanza.com\/#website","url":"http:\/\/neoclasicdanza.com\/","name":"NEOCLASIC DANZA","description":"Desde 1992","publisher":{"@id":"http:\/\/neoclasicdanza.com\/#organization"},"potentialAction":[{"@type":"SearchAction","target":{"@type":"EntryPoint","urlTemplate":"http:\/\/neoclasicdanza.com\/?s={search_term_string}"},"query-input":{"@type":"PropertyValueSpecification","valueRequired":true,"valueName":"search_term_string"}}],"inLanguage":"es"},{"@type":"Organization","@id":"http:\/\/neoclasicdanza.com\/#organization","name":"NEOCLASIC DANZA","url":"http:\/\/neoclasicdanza.com\/","logo":{"@type":"ImageObject","inLanguage":"es","@id":"http:\/\/neoclasicdanza.com\/#\/schema\/logo\/image\/","url":"https:\/\/neoclasicdanza.com\/wp-content\/uploads\/2021\/07\/cropped-neoclasic_2021_1-scaled-1.jpg","contentUrl":"https:\/\/neoclasicdanza.com\/wp-content\/uploads\/2021\/07\/cropped-neoclasic_2021_1-scaled-1.jpg","width":1803,"height":2041,"caption":"NEOCLASIC DANZA"},"image":{"@id":"http:\/\/neoclasicdanza.com\/#\/schema\/logo\/image\/"}},{"@type":"Person","@id":"http:\/\/neoclasicdanza.com\/#\/schema\/person\/8282b2e47df2a90f288e2e708a3e491f","name":"Neoclasic Danza","image":{"@type":"ImageObject","inLanguage":"es","@id":"https:\/\/secure.gravatar.com\/avatar\/92b128cad7bffd7abb3ed0b0ecb46be944c2c5acd770a20124df0fc39616f70f?s=96&d=mm&r=g","url":"https:\/\/secure.gravatar.com\/avatar\/92b128cad7bffd7abb3ed0b0ecb46be944c2c5acd770a20124df0fc39616f70f?s=96&d=mm&r=g","contentUrl":"https:\/\/secure.gravatar.com\/avatar\/92b128cad7bffd7abb3ed0b0ecb46be944c2c5acd770a20124df0fc39616f70f?s=96&d=mm&r=g","caption":"Neoclasic Danza"},"sameAs":["http:\/\/neoclasicdanza.com"],"url":"https:\/\/neoclasicdanza.com\/index.php\/author\/admin\/"}]}},"_links":{"self":[{"href":"https:\/\/neoclasicdanza.com\/index.php\/wp-json\/wp\/v2\/posts\/1137","targetHints":{"allow":["GET"]}}],"collection":[{"href":"https:\/\/neoclasicdanza.com\/index.php\/wp-json\/wp\/v2\/posts"}],"about":[{"href":"https:\/\/neoclasicdanza.com\/index.php\/wp-json\/wp\/v2\/types\/post"}],"author":[{"embeddable":true,"href":"https:\/\/neoclasicdanza.com\/index.php\/wp-json\/wp\/v2\/users\/1"}],"replies":[{"embeddable":true,"href":"https:\/\/neoclasicdanza.com\/index.php\/wp-json\/wp\/v2\/comments?post=1137"}],"version-history":[{"count":14,"href":"https:\/\/neoclasicdanza.com\/index.php\/wp-json\/wp\/v2\/posts\/1137\/revisions"}],"predecessor-version":[{"id":1170,"href":"https:\/\/neoclasicdanza.com\/index.php\/wp-json\/wp\/v2\/posts\/1137\/revisions\/1170"}],"wp:featuredmedia":[{"embeddable":true,"href":"https:\/\/neoclasicdanza.com\/index.php\/wp-json\/wp\/v2\/media\/1167"}],"wp:attachment":[{"href":"https:\/\/neoclasicdanza.com\/index.php\/wp-json\/wp\/v2\/media?parent=1137"}],"wp:term":[{"taxonomy":"category","embeddable":true,"href":"https:\/\/neoclasicdanza.com\/index.php\/wp-json\/wp\/v2\/categories?post=1137"},{"taxonomy":"post_tag","embeddable":true,"href":"https:\/\/neoclasicdanza.com\/index.php\/wp-json\/wp\/v2\/tags?post=1137"}],"curies":[{"name":"wp","href":"https:\/\/api.w.org\/{rel}","templated":true}]}}